{"id":1845,"date":"2025-03-17T09:43:33","date_gmt":"2025-03-17T08:43:33","guid":{"rendered":"https:\/\/aganova.com\/aganova-expande-su-presencia-global-con-la-apertura-de-su-nueva-sede-en-brasil\/"},"modified":"2026-01-15T10:24:58","modified_gmt":"2026-01-15T09:24:58","slug":"aganova-expande-su-presencia-global-con-la-apertura-de-su-nueva-sede-en-brasil","status":"publish","type":"post","link":"https:\/\/aganova.com\/es\/aganova-expande-su-presencia-global-con-la-apertura-de-su-nueva-sede-en-brasil\/","title":{"rendered":"Aganova expande su presencia global con la apertura de su nueva sede en Brasil"},"content":{"rendered":"\t\t<div data-elementor-type=\"wp-post\" data-elementor-id=\"1845\" class=\"elementor elementor-1845 elementor-1244\" data-elementor-post-type=\"post\">\n\t\t\t\t<div class=\"elementor-element elementor-element-2118d5e9 e-flex e-con-boxed e-con e-parent\" data-id=\"2118d5e9\" data-element_type=\"container\" data-e-type=\"container\">\n\t\t\t\t\t<div class=\"e-con-inner\">\n\t\t\t\t<div class=\"elementor-element elementor-element-31d8e2e6 elementor-widget elementor-widget-text-editor\" data-id=\"31d8e2e6\" data-element_type=\"widget\" data-e-type=\"widget\" data-widget_type=\"text-editor.default\">\n\t\t\t\t<div class=\"elementor-widget-container\">\n\t\t\t\t\t\t\t\t\t<ul>\n<li><em>Aganova abre una nueva sede en S\u00e3o Paulo para impulsar proyectos de gesti\u00f3n eficiente del agua en Latinoam\u00e9rica.<\/em><\/li>\n<\/ul>\n<p><strong><br\/>S\u00e3o Paulo, Brasil \u2013 17 de marzo 2025.\u00a0<\/strong>Aganova, referente global en detecci\u00f3n de fugas y gesti\u00f3n eficiente del agua, ha anunciado la apertura de una nueva sede en S\u00e3o Paulo. Este paso marca un hito estrat\u00e9gico en su expansi\u00f3n internacional, consolidando su presencia en Latinoam\u00e9rica.<\/p>\n<p>La oficina en Brasil funcionar\u00e1 como centro de operaciones regional, desde donde se impulsar\u00e1n proyectos en toda la regi\u00f3n. Adem\u00e1s, refuerza el compromiso de la compa\u00f1\u00eda con la sostenibilidad h\u00eddrica y la innovaci\u00f3n tecnol\u00f3gica.<\/p>\n<h3 data-start=\"1111\" data-end=\"1165\">Respuesta a una necesidad urgente en Latinoam\u00e9rica<\/h3>\n<p data-start=\"1167\" data-end=\"1437\">La llegada de Aganova a Brasil se produce en un contexto de creciente demanda por soluciones eficientes para la gesti\u00f3n del agua. Gobiernos, empresas y operadores enfrentan grandes desaf\u00edos: altos niveles de p\u00e9rdida, ineficiencia operativa y presi\u00f3n ambiental.<\/p>\n<p data-start=\"1439\" data-end=\"1489\">En este sentido, la tecnolog\u00eda de Aganova permite:<\/p>\n<ul data-start=\"1491\" data-end=\"1625\">\n<li data-start=\"1491\" data-end=\"1531\">\n<p data-start=\"1493\" data-end=\"1531\">Monitorear redes en tiempo real.<\/p>\n<\/li>\n<li data-start=\"1532\" data-end=\"1567\">\n<p data-start=\"1534\" data-end=\"1567\">Detectar fugas no visibles.<\/p>\n<\/li>\n<li data-start=\"1568\" data-end=\"1625\">\n<p data-start=\"1570\" data-end=\"1625\">Optimizar el suministro y reducir emisiones de CO\u2082.<\/p>\n<\/li>\n<\/ul>\n<h3 data-start=\"1632\" data-end=\"1690\">P\u00e9rdidas de agua en la regi\u00f3n: un problema estructural<\/h3>\n<p data-start=\"1692\" data-end=\"1842\">Los datos refuerzan la urgencia del problema. Seg\u00fan el Instituto Trata Brasil, en 2022 se perdi\u00f3 el 37,8 % del agua durante la distribuci\u00f3n.\u00a0Otros pa\u00edses de la regi\u00f3n muestran cifras similares. Por ejemplo, en M\u00e9xico, se estima que cerca del 40 % del agua potable se pierde por fugas en redes de distribuci\u00f3n.<\/p>\n<p data-start=\"2024\" data-end=\"2170\">Estas cifras demuestran la necesidad de modernizar infraestructuras y adoptar tecnolog\u00edas que permitan una gesti\u00f3n m\u00e1s eficiente y sostenible.<\/p>\n<h3 data-start=\"2177\" data-end=\"2241\">Tecnolog\u00eda y compromiso para un futuro h\u00eddrico m\u00e1s eficiente<\/h3>\n<p data-start=\"2177\" data-end=\"2241\"><span style=\"font-size: 16px;\">\u201c<em>La apertura de nuestra sede en Brasil marca un hito clave en nuestra estrategia de crecimiento internacional<\/em>\u201d, afirm\u00f3 <\/span>Agust\u00edn Ram\u00edrez<span style=\"font-size: 16px;\">, CEO de Aganova.\u00a0<\/span>\u201c<em>Creemos que nuestra tecnolog\u00eda puede desempe\u00f1ar un papel fundamental en la gesti\u00f3n eficiente del agua en Brasil y Latinoam\u00e9rica<\/em>. <em>Queremos ayudar a reducir p\u00e9rdidas y garantizar un acceso m\u00e1s sostenible a este recurso vital.<\/em>\u201d<\/p>\n<p data-start=\"2636\" data-end=\"2765\">Con esta nueva sede, Aganova busca posicionarse como aliado estrat\u00e9gico en la transformaci\u00f3n del sector h\u00eddrico en la regi\u00f3n.<\/p>\n<h3 data-start=\"2772\" data-end=\"2819\">Apoyo a gobiernos, operadores y comunidades<\/h3>\n<p data-start=\"2821\" data-end=\"3016\">Brasil y otros pa\u00edses latinoamericanos enfrentan desaf\u00edos estructurales en materia de agua. Estos van desde la reducci\u00f3n de fugas hasta la mejora del acceso seguro para comunidades vulnerables.<\/p>\n<p data-start=\"3018\" data-end=\"3085\">Por tanto, Aganova pone su experiencia y tecnolog\u00eda al servicio de:<\/p>\n<ul data-start=\"3087\" data-end=\"3213\">\n<li data-start=\"3087\" data-end=\"3123\">\n<p data-start=\"3089\" data-end=\"3123\">Iniciativas gubernamentales.<\/p>\n<\/li>\n<li data-start=\"3124\" data-end=\"3166\">\n<p data-start=\"3126\" data-end=\"3166\">Proyectos privados de gran escala.<\/p>\n<\/li>\n<li data-start=\"3167\" data-end=\"3213\">\n<p data-start=\"3169\" data-end=\"3213\">Planes de sostenibilidad urbana y rural.<\/p>\n<\/li>\n<\/ul>\n<p data-start=\"3215\" data-end=\"3318\">La compa\u00f1\u00eda tiene como objetivo apoyar un modelo de gesti\u00f3n m\u00e1s eficiente, equitativo y resiliente.<\/p>\n<h2 data-start=\"3325\" data-end=\"3341\">Sobre Aganova<\/h2>\n<p data-start=\"3343\" data-end=\"3627\">Aganova es una empresa tecnol\u00f3gica especializada en la evaluaci\u00f3n de redes mediante tecnolog\u00edas de detecci\u00f3n de fugas no invasivas. Sus dispositivos inteligentes, junto con algoritmos de inteligencia artificial, permiten identificar fugas y anomal\u00edas con alta precisi\u00f3n.<\/p>\n<p data-start=\"3629\" data-end=\"3820\">Desde 2016, ha contribuido al ahorro de millones de metros c\u00fabicos de agua en todo el mundo. Ofrece soluciones que permiten intervenciones eficientes, sostenibles y de bajo impacto.<\/p>\n<p data-start=\"3822\" data-end=\"3878\">M\u00e1s informaci\u00f3n en <a class=\"decorated-link\" href=\"https:\/\/aganova.com\" target=\"_blank\" rel=\"noopener\" data-start=\"3844\" data-end=\"3878\">aganova.com<\/a><\/p>\t\t\t\t\t\t\t\t<\/div>\n\t\t\t\t<\/div>\n\t\t\t\t\t<\/div>\n\t\t\t\t<\/div>\n\t\t\t\t<\/div>\n\t\t","protected":false},"excerpt":{"rendered":"<p>Aganova refuerza su expansi\u00f3n internacional con la apertura de una nueva oficina en S\u00e3o Paulo, Brasil. Esta medida estrat\u00e9gica tiene como objetivo mejorar la gesti\u00f3n del agua en toda Am\u00e9rica Latina, ofreciendo tecnolog\u00eda de vanguardia para la detecci\u00f3n de fugas y soluciones avanzadas de monitorizaci\u00f3n. Ante los importantes retos que plantea la p\u00e9rdida de agua en la regi\u00f3n, la experiencia de Aganova ayudar\u00e1 a los gobiernos, las empresas y los operadores de agua a optimizar los recursos y reducir las ineficiencias.  <\/p>\n","protected":false},"author":2,"featured_media":1729,"comment_status":"open","ping_status":"open","sticky":false,"template":"","format":"standard","meta":{"content-type":"","footnotes":""},"categories":[1],"tags":[63,71,73,72],"case":[],"class_list":["post-1845","post","type-post","status-publish","format-standard","has-post-thumbnail","hentry","category-sin-categoria","tag-aganova-es","tag-brazil-es","tag-new-office-es","tag-sao-paulo-es"],"yoast_head":"<!-- This site is optimized with the Yoast SEO Premium plugin v25.6 (Yoast SEO v27.5) - https:\/\/yoast.com\/product\/yoast-seo-premium-wordpress\/ -->\n<title>Nueva sede en Brasil- Aganova<\/title>\n<meta name=\"description\" content=\"Aganova expande su presencia global y refuerza su expansi\u00f3n internacional con la apertura de una nueva oficina en S\u00e3o Paulo, Brasil.\" \/>\n<meta name=\"robots\" content=\"index, follow, max-snippet:-1, max-image-preview:large, max-video-preview:-1\" \/>\n<link rel=\"canonical\" href=\"https:\/\/aganova.com\/es\/aganova-expande-su-presencia-global-con-la-apertura-de-su-nueva-sede-en-brasil\/\" \/>\n<meta property=\"og:locale\" content=\"es_ES\" \/>\n<meta property=\"og:type\" content=\"article\" \/>\n<meta property=\"og:title\" content=\"Aganova expande su presencia global con la apertura de su nueva sede en Brasil\" \/>\n<meta property=\"og:description\" content=\"Aganova expande su presencia global y refuerza su expansi\u00f3n internacional con la apertura de una nueva oficina en S\u00e3o Paulo, Brasil.\" \/>\n<meta property=\"og:url\" content=\"https:\/\/aganova.com\/es\/aganova-expande-su-presencia-global-con-la-apertura-de-su-nueva-sede-en-brasil\/\" \/>\n<meta property=\"og:site_name\" content=\"Aganova\" \/>\n<meta property=\"article:published_time\" content=\"2025-03-17T08:43:33+00:00\" \/>\n<meta property=\"article:modified_time\" content=\"2026-01-15T09:24:58+00:00\" \/>\n<meta property=\"og:image\" content=\"https:\/\/aganova.com\/wp-content\/uploads\/2025\/03\/New-Office-in-Brazil-1-1024x535.jpg\" \/>\n<meta name=\"author\" content=\"Cristina\" \/>\n<meta name=\"twitter:card\" content=\"summary_large_image\" \/>\n<meta name=\"twitter:title\" content=\"Aganova expande su presencia global con la apertura de su nueva sede en Brasil\" \/>\n<meta name=\"twitter:image\" content=\"https:\/\/aganova.com\/wp-content\/uploads\/2025\/03\/New-Office-in-Brazil-1-1024x535.jpg\" \/>\n<meta name=\"twitter:label1\" content=\"Escrito por\" \/>\n\t<meta name=\"twitter:data1\" content=\"Cristina\" \/>\n\t<meta name=\"twitter:label2\" content=\"Tiempo de lectura\" \/>\n\t<meta name=\"twitter:data2\" content=\"3 minutos\" \/>\n<script type=\"application\/ld+json\" class=\"yoast-schema-graph\">{\"@context\":\"https:\\\/\\\/schema.org\",\"@graph\":[{\"@type\":\"Article\",\"@id\":\"https:\\\/\\\/aganova.com\\\/es\\\/aganova-expande-su-presencia-global-con-la-apertura-de-su-nueva-sede-en-brasil\\\/#article\",\"isPartOf\":{\"@id\":\"https:\\\/\\\/aganova.com\\\/es\\\/aganova-expande-su-presencia-global-con-la-apertura-de-su-nueva-sede-en-brasil\\\/\"},\"author\":{\"name\":\"Cristina\",\"@id\":\"https:\\\/\\\/aganova.com\\\/es\\\/#\\\/schema\\\/person\\\/4e999b107dff02717c9546a925c1acf7\"},\"headline\":\"Aganova expande su presencia global con la apertura de su nueva sede en Brasil\",\"datePublished\":\"2025-03-17T08:43:33+00:00\",\"dateModified\":\"2026-01-15T09:24:58+00:00\",\"mainEntityOfPage\":{\"@id\":\"https:\\\/\\\/aganova.com\\\/es\\\/aganova-expande-su-presencia-global-con-la-apertura-de-su-nueva-sede-en-brasil\\\/\"},\"wordCount\":549,\"commentCount\":0,\"publisher\":{\"@id\":\"https:\\\/\\\/aganova.com\\\/es\\\/#organization\"},\"image\":{\"@id\":\"https:\\\/\\\/aganova.com\\\/es\\\/aganova-expande-su-presencia-global-con-la-apertura-de-su-nueva-sede-en-brasil\\\/#primaryimage\"},\"thumbnailUrl\":\"https:\\\/\\\/aganova.com\\\/wp-content\\\/uploads\\\/2025\\\/03\\\/New-Office-in-Brazil.jpg\",\"keywords\":[\"Aganova\",\"Brazil\",\"New Office\",\"Sao Paulo\"],\"inLanguage\":\"es\",\"potentialAction\":[{\"@type\":\"CommentAction\",\"name\":\"Comment\",\"target\":[\"https:\\\/\\\/aganova.com\\\/es\\\/aganova-expande-su-presencia-global-con-la-apertura-de-su-nueva-sede-en-brasil\\\/#respond\"]}]},{\"@type\":\"WebPage\",\"@id\":\"https:\\\/\\\/aganova.com\\\/es\\\/aganova-expande-su-presencia-global-con-la-apertura-de-su-nueva-sede-en-brasil\\\/\",\"url\":\"https:\\\/\\\/aganova.com\\\/es\\\/aganova-expande-su-presencia-global-con-la-apertura-de-su-nueva-sede-en-brasil\\\/\",\"name\":\"Nueva sede en Brasil- Aganova\",\"isPartOf\":{\"@id\":\"https:\\\/\\\/aganova.com\\\/es\\\/#website\"},\"primaryImageOfPage\":{\"@id\":\"https:\\\/\\\/aganova.com\\\/es\\\/aganova-expande-su-presencia-global-con-la-apertura-de-su-nueva-sede-en-brasil\\\/#primaryimage\"},\"image\":{\"@id\":\"https:\\\/\\\/aganova.com\\\/es\\\/aganova-expande-su-presencia-global-con-la-apertura-de-su-nueva-sede-en-brasil\\\/#primaryimage\"},\"thumbnailUrl\":\"https:\\\/\\\/aganova.com\\\/wp-content\\\/uploads\\\/2025\\\/03\\\/New-Office-in-Brazil.jpg\",\"datePublished\":\"2025-03-17T08:43:33+00:00\",\"dateModified\":\"2026-01-15T09:24:58+00:00\",\"description\":\"Aganova expande su presencia global y refuerza su expansi\u00f3n internacional con la apertura de una nueva oficina en S\u00e3o Paulo, Brasil.\",\"breadcrumb\":{\"@id\":\"https:\\\/\\\/aganova.com\\\/es\\\/aganova-expande-su-presencia-global-con-la-apertura-de-su-nueva-sede-en-brasil\\\/#breadcrumb\"},\"inLanguage\":\"es\",\"potentialAction\":[{\"@type\":\"ReadAction\",\"target\":[\"https:\\\/\\\/aganova.com\\\/es\\\/aganova-expande-su-presencia-global-con-la-apertura-de-su-nueva-sede-en-brasil\\\/\"]}]},{\"@type\":\"ImageObject\",\"inLanguage\":\"es\",\"@id\":\"https:\\\/\\\/aganova.com\\\/es\\\/aganova-expande-su-presencia-global-con-la-apertura-de-su-nueva-sede-en-brasil\\\/#primaryimage\",\"url\":\"https:\\\/\\\/aganova.com\\\/wp-content\\\/uploads\\\/2025\\\/03\\\/New-Office-in-Brazil.jpg\",\"contentUrl\":\"https:\\\/\\\/aganova.com\\\/wp-content\\\/uploads\\\/2025\\\/03\\\/New-Office-in-Brazil.jpg\",\"width\":1200,\"height\":627,\"caption\":\"New office in Brazil, Nueva sede en Brasil\"},{\"@type\":\"BreadcrumbList\",\"@id\":\"https:\\\/\\\/aganova.com\\\/es\\\/aganova-expande-su-presencia-global-con-la-apertura-de-su-nueva-sede-en-brasil\\\/#breadcrumb\",\"itemListElement\":[{\"@type\":\"ListItem\",\"position\":1,\"name\":\"Portada\",\"item\":\"https:\\\/\\\/aganova.com\\\/es\\\/\"},{\"@type\":\"ListItem\",\"position\":2,\"name\":\"Aganova expande su presencia global con la apertura de su nueva sede en Brasil\"}]},{\"@type\":\"WebSite\",\"@id\":\"https:\\\/\\\/aganova.com\\\/es\\\/#website\",\"url\":\"https:\\\/\\\/aganova.com\\\/es\\\/\",\"name\":\"Aganova\",\"description\":\"\",\"publisher\":{\"@id\":\"https:\\\/\\\/aganova.com\\\/es\\\/#organization\"},\"potentialAction\":[{\"@type\":\"SearchAction\",\"target\":{\"@type\":\"EntryPoint\",\"urlTemplate\":\"https:\\\/\\\/aganova.com\\\/es\\\/?s={search_term_string}\"},\"query-input\":{\"@type\":\"PropertyValueSpecification\",\"valueRequired\":true,\"valueName\":\"search_term_string\"}}],\"inLanguage\":\"es\"},{\"@type\":\"Organization\",\"@id\":\"https:\\\/\\\/aganova.com\\\/es\\\/#organization\",\"name\":\"Aganova - Water Pipe Intelligence\",\"url\":\"https:\\\/\\\/aganova.com\\\/es\\\/\",\"logo\":{\"@type\":\"ImageObject\",\"inLanguage\":\"es\",\"@id\":\"https:\\\/\\\/aganova.com\\\/es\\\/#\\\/schema\\\/logo\\\/image\\\/\",\"url\":\"https:\\\/\\\/aganova.com\\\/wp-content\\\/uploads\\\/2024\\\/06\\\/aganova-web.jpg\",\"contentUrl\":\"https:\\\/\\\/aganova.com\\\/wp-content\\\/uploads\\\/2024\\\/06\\\/aganova-web.jpg\",\"width\":600,\"height\":600,\"caption\":\"Aganova - Water Pipe Intelligence\"},\"image\":{\"@id\":\"https:\\\/\\\/aganova.com\\\/es\\\/#\\\/schema\\\/logo\\\/image\\\/\"}},{\"@type\":\"Person\",\"@id\":\"https:\\\/\\\/aganova.com\\\/es\\\/#\\\/schema\\\/person\\\/4e999b107dff02717c9546a925c1acf7\",\"name\":\"Cristina\",\"image\":{\"@type\":\"ImageObject\",\"inLanguage\":\"es\",\"@id\":\"https:\\\/\\\/secure.gravatar.com\\\/avatar\\\/4246f526ff271516884f0149a09372f0dc3103daff2ae18e0f35f8d9816dd30a?s=96&d=mm&r=g\",\"url\":\"https:\\\/\\\/secure.gravatar.com\\\/avatar\\\/4246f526ff271516884f0149a09372f0dc3103daff2ae18e0f35f8d9816dd30a?s=96&d=mm&r=g\",\"contentUrl\":\"https:\\\/\\\/secure.gravatar.com\\\/avatar\\\/4246f526ff271516884f0149a09372f0dc3103daff2ae18e0f35f8d9816dd30a?s=96&d=mm&r=g\",\"caption\":\"Cristina\"},\"url\":\"https:\\\/\\\/aganova.com\\\/es\\\/author\\\/cristina\\\/\"}]}<\/script>\n<!-- \/ Yoast SEO Premium plugin. -->","yoast_head_json":{"title":"Nueva sede en Brasil- Aganova","description":"Aganova expande su presencia global y refuerza su expansi\u00f3n internacional con la apertura de una nueva oficina en S\u00e3o Paulo, Brasil.","robots":{"index":"index","follow":"follow","max-snippet":"max-snippet:-1","max-image-preview":"max-image-preview:large","max-video-preview":"max-video-preview:-1"},"canonical":"https:\/\/aganova.com\/es\/aganova-expande-su-presencia-global-con-la-apertura-de-su-nueva-sede-en-brasil\/","og_locale":"es_ES","og_type":"article","og_title":"Aganova expande su presencia global con la apertura de su nueva sede en Brasil","og_description":"Aganova expande su presencia global y refuerza su expansi\u00f3n internacional con la apertura de una nueva oficina en S\u00e3o Paulo, Brasil.","og_url":"https:\/\/aganova.com\/es\/aganova-expande-su-presencia-global-con-la-apertura-de-su-nueva-sede-en-brasil\/","og_site_name":"Aganova","article_published_time":"2025-03-17T08:43:33+00:00","article_modified_time":"2026-01-15T09:24:58+00:00","og_image":[{"url":"https:\/\/aganova.com\/wp-content\/uploads\/2025\/03\/New-Office-in-Brazil-1-1024x535.jpg","type":"","width":"","height":""}],"author":"Cristina","twitter_card":"summary_large_image","twitter_title":"Aganova expande su presencia global con la apertura de su nueva sede en Brasil","twitter_image":"https:\/\/aganova.com\/wp-content\/uploads\/2025\/03\/New-Office-in-Brazil-1-1024x535.jpg","twitter_misc":{"Escrito por":"Cristina","Tiempo de lectura":"3 minutos"},"schema":{"@context":"https:\/\/schema.org","@graph":[{"@type":"Article","@id":"https:\/\/aganova.com\/es\/aganova-expande-su-presencia-global-con-la-apertura-de-su-nueva-sede-en-brasil\/#article","isPartOf":{"@id":"https:\/\/aganova.com\/es\/aganova-expande-su-presencia-global-con-la-apertura-de-su-nueva-sede-en-brasil\/"},"author":{"name":"Cristina","@id":"https:\/\/aganova.com\/es\/#\/schema\/person\/4e999b107dff02717c9546a925c1acf7"},"headline":"Aganova expande su presencia global con la apertura de su nueva sede en Brasil","datePublished":"2025-03-17T08:43:33+00:00","dateModified":"2026-01-15T09:24:58+00:00","mainEntityOfPage":{"@id":"https:\/\/aganova.com\/es\/aganova-expande-su-presencia-global-con-la-apertura-de-su-nueva-sede-en-brasil\/"},"wordCount":549,"commentCount":0,"publisher":{"@id":"https:\/\/aganova.com\/es\/#organization"},"image":{"@id":"https:\/\/aganova.com\/es\/aganova-expande-su-presencia-global-con-la-apertura-de-su-nueva-sede-en-brasil\/#primaryimage"},"thumbnailUrl":"https:\/\/aganova.com\/wp-content\/uploads\/2025\/03\/New-Office-in-Brazil.jpg","keywords":["Aganova","Brazil","New Office","Sao Paulo"],"inLanguage":"es","potentialAction":[{"@type":"CommentAction","name":"Comment","target":["https:\/\/aganova.com\/es\/aganova-expande-su-presencia-global-con-la-apertura-de-su-nueva-sede-en-brasil\/#respond"]}]},{"@type":"WebPage","@id":"https:\/\/aganova.com\/es\/aganova-expande-su-presencia-global-con-la-apertura-de-su-nueva-sede-en-brasil\/","url":"https:\/\/aganova.com\/es\/aganova-expande-su-presencia-global-con-la-apertura-de-su-nueva-sede-en-brasil\/","name":"Nueva sede en Brasil- Aganova","isPartOf":{"@id":"https:\/\/aganova.com\/es\/#website"},"primaryImageOfPage":{"@id":"https:\/\/aganova.com\/es\/aganova-expande-su-presencia-global-con-la-apertura-de-su-nueva-sede-en-brasil\/#primaryimage"},"image":{"@id":"https:\/\/aganova.com\/es\/aganova-expande-su-presencia-global-con-la-apertura-de-su-nueva-sede-en-brasil\/#primaryimage"},"thumbnailUrl":"https:\/\/aganova.com\/wp-content\/uploads\/2025\/03\/New-Office-in-Brazil.jpg","datePublished":"2025-03-17T08:43:33+00:00","dateModified":"2026-01-15T09:24:58+00:00","description":"Aganova expande su presencia global y refuerza su expansi\u00f3n internacional con la apertura de una nueva oficina en S\u00e3o Paulo, Brasil.","breadcrumb":{"@id":"https:\/\/aganova.com\/es\/aganova-expande-su-presencia-global-con-la-apertura-de-su-nueva-sede-en-brasil\/#breadcrumb"},"inLanguage":"es","potentialAction":[{"@type":"ReadAction","target":["https:\/\/aganova.com\/es\/aganova-expande-su-presencia-global-con-la-apertura-de-su-nueva-sede-en-brasil\/"]}]},{"@type":"ImageObject","inLanguage":"es","@id":"https:\/\/aganova.com\/es\/aganova-expande-su-presencia-global-con-la-apertura-de-su-nueva-sede-en-brasil\/#primaryimage","url":"https:\/\/aganova.com\/wp-content\/uploads\/2025\/03\/New-Office-in-Brazil.jpg","contentUrl":"https:\/\/aganova.com\/wp-content\/uploads\/2025\/03\/New-Office-in-Brazil.jpg","width":1200,"height":627,"caption":"New office in Brazil, Nueva sede en Brasil"},{"@type":"BreadcrumbList","@id":"https:\/\/aganova.com\/es\/aganova-expande-su-presencia-global-con-la-apertura-de-su-nueva-sede-en-brasil\/#breadcrumb","itemListElement":[{"@type":"ListItem","position":1,"name":"Portada","item":"https:\/\/aganova.com\/es\/"},{"@type":"ListItem","position":2,"name":"Aganova expande su presencia global con la apertura de su nueva sede en Brasil"}]},{"@type":"WebSite","@id":"https:\/\/aganova.com\/es\/#website","url":"https:\/\/aganova.com\/es\/","name":"Aganova","description":"","publisher":{"@id":"https:\/\/aganova.com\/es\/#organization"},"potentialAction":[{"@type":"SearchAction","target":{"@type":"EntryPoint","urlTemplate":"https:\/\/aganova.com\/es\/?s={search_term_string}"},"query-input":{"@type":"PropertyValueSpecification","valueRequired":true,"valueName":"search_term_string"}}],"inLanguage":"es"},{"@type":"Organization","@id":"https:\/\/aganova.com\/es\/#organization","name":"Aganova - Water Pipe Intelligence","url":"https:\/\/aganova.com\/es\/","logo":{"@type":"ImageObject","inLanguage":"es","@id":"https:\/\/aganova.com\/es\/#\/schema\/logo\/image\/","url":"https:\/\/aganova.com\/wp-content\/uploads\/2024\/06\/aganova-web.jpg","contentUrl":"https:\/\/aganova.com\/wp-content\/uploads\/2024\/06\/aganova-web.jpg","width":600,"height":600,"caption":"Aganova - Water Pipe Intelligence"},"image":{"@id":"https:\/\/aganova.com\/es\/#\/schema\/logo\/image\/"}},{"@type":"Person","@id":"https:\/\/aganova.com\/es\/#\/schema\/person\/4e999b107dff02717c9546a925c1acf7","name":"Cristina","image":{"@type":"ImageObject","inLanguage":"es","@id":"https:\/\/secure.gravatar.com\/avatar\/4246f526ff271516884f0149a09372f0dc3103daff2ae18e0f35f8d9816dd30a?s=96&d=mm&r=g","url":"https:\/\/secure.gravatar.com\/avatar\/4246f526ff271516884f0149a09372f0dc3103daff2ae18e0f35f8d9816dd30a?s=96&d=mm&r=g","contentUrl":"https:\/\/secure.gravatar.com\/avatar\/4246f526ff271516884f0149a09372f0dc3103daff2ae18e0f35f8d9816dd30a?s=96&d=mm&r=g","caption":"Cristina"},"url":"https:\/\/aganova.com\/es\/author\/cristina\/"}]}},"_links":{"self":[{"href":"https:\/\/aganova.com\/es\/wp-json\/wp\/v2\/posts\/1845","targetHints":{"allow":["GET"]}}],"collection":[{"href":"https:\/\/aganova.com\/es\/wp-json\/wp\/v2\/posts"}],"about":[{"href":"https:\/\/aganova.com\/es\/wp-json\/wp\/v2\/types\/post"}],"author":[{"embeddable":true,"href":"https:\/\/aganova.com\/es\/wp-json\/wp\/v2\/users\/2"}],"replies":[{"embeddable":true,"href":"https:\/\/aganova.com\/es\/wp-json\/wp\/v2\/comments?post=1845"}],"version-history":[{"count":0,"href":"https:\/\/aganova.com\/es\/wp-json\/wp\/v2\/posts\/1845\/revisions"}],"wp:featuredmedia":[{"embeddable":true,"href":"https:\/\/aganova.com\/es\/wp-json\/wp\/v2\/media\/1729"}],"wp:attachment":[{"href":"https:\/\/aganova.com\/es\/wp-json\/wp\/v2\/media?parent=1845"}],"wp:term":[{"taxonomy":"category","embeddable":true,"href":"https:\/\/aganova.com\/es\/wp-json\/wp\/v2\/categories?post=1845"},{"taxonomy":"post_tag","embeddable":true,"href":"https:\/\/aganova.com\/es\/wp-json\/wp\/v2\/tags?post=1845"},{"taxonomy":"case","embeddable":true,"href":"https:\/\/aganova.com\/es\/wp-json\/wp\/v2\/case?post=1845"}],"curies":[{"name":"wp","href":"https:\/\/api.w.org\/{rel}","templated":true}]}}